{"id":2789,"date":"2024-02-06T12:59:52","date_gmt":"2024-02-06T11:59:52","guid":{"rendered":"https:\/\/relaxmurau.at\/?p=2789"},"modified":"2024-02-07T16:28:41","modified_gmt":"2024-02-07T15:28:41","slug":"az-osztrakok-joletet-veszelyezteti-a-turisztikai-munkaerohiany","status":"publish","type":"post","link":"https:\/\/relaxmurau.at\/de\/az-osztrakok-joletet-veszelyezteti-a-turisztikai-munkaerohiany\/","title":{"rendered":"\"Durch fehlende Arbeitskr\u00e4fte geht Wohlstand verloren\""},"content":{"rendered":"<div data-elementor-type=\"wp-post\" data-elementor-id=\"2789\" class=\"elementor elementor-2789\" data-elementor-post-type=\"post\">\n\t\t\t\t\t\t<section class=\"elementor-section elementor-top-section elementor-element elementor-element-75cec2cd elementor-section-boxed elementor-section-height-default elementor-section-height-default\" data-id=\"75cec2cd\" data-element_type=\"section\" data-e-type=\"section\">\n\t\t\t\t\t\t<div class=\"elementor-container elementor-column-gap-default\">\n\t\t\t\t\t<div class=\"elementor-column elementor-col-100 elementor-top-column elementor-element elementor-element-25bf5ae7\" data-id=\"25bf5ae7\" data-element_type=\"column\" data-e-type=\"column\">\n\t\t\t<div class=\"elementor-widget-wrap elementor-element-populated\">\n\t\t\t\t\t\t<div class=\"elementor-element elementor-element-5a120027 elementor-widget elementor-widget-text-editor\" data-id=\"5a120027\" data-element_type=\"widget\" data-e-type=\"widget\" data-widget_type=\"text-editor.default\">\n\t\t\t\t<div class=\"elementor-widget-container\">\n\t\t\t\t\t\t\t\t\t<p><\/p>\n<p>Der Tourismus brauche mehr Saisonkr\u00e4fte aus Drittstaaten. Staatssekret\u00e4rin Susanne Kraus-Winkler fordert eine \"v\u00f6llig neue L\u00f6sung\" am Arbeitsmarkt<\/p>\n<p><\/p>\n<p><\/p>\n<p>Die Tourismusbranche habe gelernt, mit Krisen umzugehen, sagt Staatssekret\u00e4rin Susanne Kraus-Winkler (\u00d6VP). Sie hoffe, dass Banken den Betrieben bei Bedarf R\u00fcckzahlungen stunden, eine Insolvenzwelle erwarte sie nicht. Zur Linderung des herrschenden Arbeitskr\u00e4ftemangels fordert die Staatssekret\u00e4rin im STANDARD-Interview \"eine v\u00f6llig neue L\u00f6sung f\u00fcr das Thema saisonaler Besch\u00e4ftigung \u2013 flexibler, praxisn\u00e4her\". Mittelfristig werde \u00d6sterreich nicht um mehr Drittstaatsangeh\u00f6rige herumkommen.<\/p>\n<p style=\"font-weight: 400;\">STANDARD: In Frankreich hat unl\u00e4ngst wieder ein Skigebiet nahe dem Mont Blanc geschlossen mit der Begr\u00fcndung: zu wenig Schnee. Ein Einzelph\u00e4nomen oder m\u00fcssen wir uns vermehrt auf Schlie\u00dfungen von Skigebieten im Alpenbogen einstellen?<\/p>\n<p style=\"font-weight: 400;\">Kraus-Winkler: Durch den Klimawandel wird es Ver\u00e4nderungen geben. In \u00d6sterreich haben wir den Vorteil, in einem Bereich der Alpen zu sein mit allein in Tirol 320 Gletschern und einem sehr gut ausgebauten Ski- und Beschneiungsangebot, das weltweit zu den besten geh\u00f6rt. Wir gehen nicht davon aus, dass bei uns reihenweise Skigebiete schlie\u00dfen m\u00fcssen.<\/p>\n<p style=\"font-weight: 400;\">STANDARD: Die Buchungslage \u00fcber Weihnachten und Neujahr war gut bis sehr gut, ein neuer N\u00e4chtigungsrekord scheint in Griffweite diesen Winter. Ist Corona damit endg\u00fcltig verdaut?<\/p>\n<p style=\"font-weight: 400;\">Kraus-Winkler: Corona per se schon. Wir haben gelernt, damit umzugehen wie mit einer Verk\u00fchlung oder leichten Grippe. Nicht verdaut ist, dass wir multiple Krisen haben, die unterschiedlichste Herausforderungen sofort nach Corona gebracht haben.<\/p>\n<p style=\"font-weight: 400;\">STANDARD: Andererseits sind nur wenige Branchen so krisenerfahren wie der Tourismus. Kaum ein Jahr, ohne dass nicht Vogelgrippe, Vulkanausbruch oder ein Krieg f\u00fcr Unsicherheit gesorgt h\u00e4tten.<\/p>\n<p style=\"font-weight: 400;\">Kraus-Winkler: Der Tourismus ist resilient, man hat gelernt, mit Krisen umzugehen. Und das Sch\u00f6ne ist, dass es nach einem Krisenereignis immer eine schnelle Erholung gibt. M\u00f6glicherweise auch deshalb, weil Reisen so stark in unserer DNA ist, dass wir nicht darauf verzichten wollen.<\/p>\n<p style=\"font-weight: 400;\">STANDARD: Corona hat den Betrieben aber auch Umsatz gekostet?<\/p>\n<p style=\"font-weight: 400;\">Kraus-Winkler: Das ist jedenfalls noch nicht verdaut. Wir sind noch immer damit besch\u00e4ftigt zu schauen, ob das Vor-Corona-Niveau erreicht ist. Ohne Corona w\u00e4ren wir tats\u00e4chlich bei ganz anderen, weit besseren Zahlen.<\/p>\n<p style=\"font-weight: 400;\">STANDARD: Die Insolvenzzahlen sind in \u00d6sterreich zuletzt steil nach oben gegangen, im Tourismus aber kaum. Warum?<\/p>\n<p style=\"font-weight: 400;\">Kraus-Winkler: Man muss unterscheiden zwischen Gastronomie und Hotellerie. In der Gastronomie gibt es traditionell mehr Insolvenzen. Oft handelt es sich um Pachtbetriebe, die Cashflow-Probleme bekommen und schlie\u00dfen m\u00fcssen. Meist sperrt kurz darauf ein neuer P\u00e4chter wieder auf.<\/p>\n<p style=\"font-weight: 400;\">STANDARD: Und in der Hotellerie?<\/p>\n<p style=\"font-weight: 400;\">Kraus-Winkler: Da haben wir es \u00fcberwiegend mit eigent\u00fcmergef\u00fchrten Betrieben zu tun, wo die Immobilie in der Bilanz steht. Trotz niedrigen Eigenkapitals ist die Konstellation dort eine andere. Durch die verschiedenen Covid-\u00dcberbr\u00fcckungshilfen, die es gegeben hat, wurden vielen Betrieben durch die Krise geholfen. Anschlie\u00dfend ist das Gesch\u00e4ft rasch wieder angesprungen.<\/p>\n<p style=\"font-weight: 400;\">STANDARD: Hat das viele Geld, das w\u00e4hrend Corona geflossen ist, dazu gef\u00fchrt, dass Betriebe, die unter normalen Umst\u00e4nden h\u00e4tten zusperren m\u00fcssen, mitgeschleppt wurden?<\/p>\n<p style=\"font-weight: 400;\">Kraus-Winkler: Das ist eine Theorie, die sich hartn\u00e4ckig h\u00e4lt. Wenn so ein Betrieb jetzt aber weiter am Markt besteht, kann er auch vorher nicht so schlecht gewesen sein, behaupte ich.<\/p>\n<p style=\"font-weight: 400;\">STANDARD: Sie rechnen nicht damit, dass noch eine Welle an Insolvenzen aus dem Bereich Hotellerie kommt?<\/p>\n<p style=\"font-weight: 400;\">Kraus-Winkler: Eine Welle w\u00fcrde ich ausschlie\u00dfen. Wenn es zu Insolvenzen kommt, dann dort, wo Betriebe einen variablen Zins haben und wegen der hohen Zinss\u00e4tze ein Cashflow-Problem bekommen. Wenn die Zinsen im kommenden Jahr wie von einigen erwartet um 50 Basispunkte sinken, w\u00e4re das ein Signal f\u00fcr die Banken zu sagen, okay, setzen wir die Tilgungen zwei Jahre lang aus, um den betroffenen Betrieben Luft zu verschaffen. Das gro\u00dfe Problem f\u00fcr die Betriebe sind aber die Personalkosten, die teilweise schon 40 Prozent und mehr betragen.<\/p>\n<p style=\"font-weight: 400;\">STANDARD: Auch die Energiekosten sind weiterhin hoch, wenn auch nicht mehr so hoch wie vor einem Jahr. Der Energiekostenzuschuss II sollte das abfedern. Wie viele Betriebe haben sich bis jetzt darum beworben?<\/p>\n<p style=\"font-weight: 400;\">Kraus-Winkler: Insgesamt 24.000. Das ist die aktuellste Zahl f\u00fcr alle Branchen, darunter nat\u00fcrlich auch Hotellerie- und Gastronomiebetriebe.<\/p>\n<p style=\"font-weight: 400;\">STANDARD: Anspruchsberechtigt sind Betriebe, die ein um mindestens 40 Prozent niedrigeres Ergebnis vor Steuern, Zinsen und Abschreibungen gemessen am Jahr 2021 nachweisen k\u00f6nnen.<\/p>\n<p style=\"font-weight: 400;\">Kraus-Winkler: Ein schlechtes Referenzjahr, weil es da besonders viele Lockdown-Tage gab.<\/p>\n<p style=\"font-weight: 400;\">STANDARD: Wollte man den Kreis der Empf\u00e4nger bewusst eng halten?<\/p>\n<p style=\"font-weight: 400;\">Kraus-Winkler: Das war nicht intendiert. Wir sind aber nicht allein in der Regierung, man muss Konzessionen machen, um voranzukommen.<\/p>\n<p style=\"font-weight: 400;\">STANDARD: Es ist zwar schon sp\u00e4t im Jahr, aber manche Betriebe suchen noch immer Personal \u2013 und finden keines. Was l\u00e4uft da falsch?<\/p>\n<p style=\"font-weight: 400;\">Kraus-Winkler: Alle, die in der Wintersaison arbeiten wollen, haben sich schon f\u00fcr einen Betrieb entschieden, f\u00fcr den in ihren Augen interessantesten. Die weniger gefragten Betriebe haben ein Problem. Die Unternehmen m\u00fcssen dazulernen, fr\u00fcher zu suchen beginnen, m\u00f6glicherweise auch anders zu suchen.<\/p>\n<p style=\"font-weight: 400;\">STANDARD: Da und dort kommt es bereits zu Leistungseinschr\u00e4nkungen, weil Mitarbeiter fehlen. F\u00fcr ein Tourismusland wie \u00d6sterreich nicht gerade ein Renommee?<\/p>\n<p style=\"font-weight: 400;\">Kraus-Winkler: Wir werden mittelfristig nicht um Drittstaatsangeh\u00f6rige herumkommen, zumal nicht nur in \u00d6sterreich, sondern in der gesamten EU nach Arbeitskr\u00e4ften gesucht wird.<\/p>\n<p style=\"font-weight: 400;\">STANDARD: Das hei\u00dft in erster Linie Westbalkan?<\/p>\n<p style=\"font-weight: 400;\">Kraus-Winkler: Derzeit kommen die meisten im Tourismus t\u00e4tigen Drittstaatsangeh\u00f6rigen aus Bosnien und Herzegowina sowie aus Serbien. L\u00e4nder wie die Philippinen vermitteln Facharbeiter international, sie bilden spezifisch auch Tourismusmitarbeiter f\u00fcr die ganze Welt aus. Da sind wir dran.<\/p>\n<p style=\"font-weight: 400;\">STANDARD: Wenn sie k\u00f6nnten, wie sie wollten \u2026<\/p>\n<p style=\"font-weight: 400;\">Kraus-Winkler: \u2026 w\u00fcrde ich versuchen, eine v\u00f6llig neue L\u00f6sung f\u00fcr das Thema saisonaler Besch\u00e4ftigung zu finden, flexibler, praxisnaher.<\/p>\n<p style=\"font-weight: 400;\">STANDARD: Was hindert Sie?<\/p>\n<p style=\"font-weight: 400;\">Kraus-Winkler: Es reden beim Thema Arbeitsmarkt sehr viele mit. Wie so oft in \u00d6sterreich hat man Sorge, dass eine schlechtere L\u00f6sung als die bestehende herauskommt, wodurch gro\u00dfe Reformen letztlich verunm\u00f6glicht werden. Das ist schade. Durch fehlende Arbeitskr\u00e4fte im Tourismus geht schlie\u00dflich auch Wohlstand verloren. Wenn weniger Umsatz gemacht wird, sinken auch die Steuereinnahmen \u2013 ein Teufelskreis.<\/p>\n<p style=\"font-weight: 400;\">STANDARD: Wenn sie einen Wunsch frei h\u00e4tten f\u00fcr 2024, welcher w\u00e4re das?<\/p>\n<p style=\"font-weight: 400;\">Kraus-Winkler: Dass sich die wirtschaftliche Situation stabilisiert, Inflation und damit auch die Zinsen schneller zur\u00fcckgehen, dass die Nachfrage stark bleibt und dass wir moderne L\u00f6sungen f\u00fcr den Arbeitsmarkt aus Drittstaaten finden, die schnell und effizient funktionieren.<\/p>\n<p><\/p>\n<p><\/p>\n<p><\/p>\t\t\t\t\t\t\t\t<\/div>\n\t\t\t\t<\/div>\n\t\t\t\t\t<\/div>\n\t\t<\/div>\n\t\t\t\t\t<\/div>\n\t\t<\/section>\n\t\t\t\t<\/div>","protected":false},"excerpt":{"rendered":"<p>A turizmusnak t\u00f6bb id\u00e9nymunk\u00e1sra van sz\u00fcks\u00e9ge harmadik orsz\u00e1gokb\u00f3l. Susanne Kraus-Winkler \u00e1llamtitk\u00e1r &#8222;teljesen \u00faj megold\u00e1st&#8221; s\u00fcrget a munkaer\u0151piacon. A turisztikai \u00e1gazat megtanulta, hogyan kell kezelni a v\u00e1ls\u00e1gokat &#8211; \u00e1ll\u00edtja Susanne Kraus-Winkler (\u00d6VP) \u00e1llamtitk\u00e1r. Rem\u00e9li, hogy a bankok sz\u00fcks\u00e9g eset\u00e9n elhalasztj\u00e1k a t\u00f6rleszt\u00e9seket a v\u00e1llalkoz\u00e1soknak, de nem sz\u00e1m\u00edt fizet\u00e9sk\u00e9ptelens\u00e9gi hull\u00e1mra. Az uralkod\u00f3 munkaer\u0151hi\u00e1ny enyh\u00edt\u00e9s\u00e9re az \u00e1llamtitk\u00e1r a [&hellip;]<\/p>\n","protected":false},"author":4,"featured_media":2822,"comment_status":"open","ping_status":"open","sticky":false,"template":"","format":"standard","meta":{"footnotes":""},"categories":[1],"tags":[],"class_list":["post-2789","post","type-post","status-publish","format-standard","has-post-thumbnail","hentry","category-uncategorized"],"yoast_head":"<!-- This site is optimized with the Yoast SEO plugin v27.4 - https:\/\/yoast.com\/product\/yoast-seo-wordpress\/ -->\n<title>&quot;Az osztr\u00e1kok j\u00f3l\u00e9t\u00e9t vesz\u00e9lyezteti a turisztikai munkaer\u0151hi\u00e1ny.&quot; - Relax Resort Kreischberg<\/title>\n<meta name=\"robots\" content=\"index, follow, max-snippet:-1, max-image-preview:large, max-video-preview:-1\" \/>\n<link rel=\"canonical\" href=\"https:\/\/relaxmurau.at\/de\/az-osztrakok-joletet-veszelyezteti-a-turisztikai-munkaerohiany\/\" \/>\n<meta property=\"og:locale\" content=\"de_DE\" \/>\n<meta property=\"og:type\" content=\"article\" \/>\n<meta property=\"og:title\" content=\"&quot;Az osztr\u00e1kok j\u00f3l\u00e9t\u00e9t vesz\u00e9lyezteti a turisztikai munkaer\u0151hi\u00e1ny.&quot; - Relax Resort Kreischberg\" \/>\n<meta property=\"og:description\" content=\"A turizmusnak t\u00f6bb id\u00e9nymunk\u00e1sra van sz\u00fcks\u00e9ge harmadik orsz\u00e1gokb\u00f3l. Susanne Kraus-Winkler \u00e1llamtitk\u00e1r &#8222;teljesen \u00faj megold\u00e1st&#8221; s\u00fcrget a munkaer\u0151piacon. A turisztikai \u00e1gazat megtanulta, hogyan kell kezelni a v\u00e1ls\u00e1gokat &#8211; \u00e1ll\u00edtja Susanne Kraus-Winkler (\u00d6VP) \u00e1llamtitk\u00e1r. Rem\u00e9li, hogy a bankok sz\u00fcks\u00e9g eset\u00e9n elhalasztj\u00e1k a t\u00f6rleszt\u00e9seket a v\u00e1llalkoz\u00e1soknak, de nem sz\u00e1m\u00edt fizet\u00e9sk\u00e9ptelens\u00e9gi hull\u00e1mra. Az uralkod\u00f3 munkaer\u0151hi\u00e1ny enyh\u00edt\u00e9s\u00e9re az \u00e1llamtitk\u00e1r a [&hellip;]\" \/>\n<meta property=\"og:url\" content=\"https:\/\/relaxmurau.at\/de\/az-osztrakok-joletet-veszelyezteti-a-turisztikai-munkaerohiany\/\" \/>\n<meta property=\"og:site_name\" content=\"Relax Resort Kreischberg\" \/>\n<meta property=\"article:published_time\" content=\"2024-02-06T11:59:52+00:00\" \/>\n<meta property=\"article:modified_time\" content=\"2024-02-07T15:28:41+00:00\" \/>\n<meta property=\"og:image\" content=\"https:\/\/relaxmurau.at\/wp-content\/uploads\/2024\/02\/f3570cdd-18e2-4811-a8e7-98873c79e9c8.jpg\" \/>\n\t<meta property=\"og:image:width\" content=\"1200\" \/>\n\t<meta property=\"og:image:height\" content=\"786\" \/>\n\t<meta property=\"og:image:type\" content=\"image\/jpeg\" \/>\n<meta name=\"author\" content=\"agi\" \/>\n<meta name=\"twitter:card\" content=\"summary_large_image\" \/>\n<meta name=\"twitter:label1\" content=\"Verfasst von\" \/>\n\t<meta name=\"twitter:data1\" content=\"agi\" \/>\n\t<meta name=\"twitter:label2\" content=\"Gesch\u00e4tzte Lesezeit\" \/>\n\t<meta name=\"twitter:data2\" content=\"6\u00a0Minuten\" \/>\n<script type=\"application\/ld+json\" class=\"yoast-schema-graph\">{\"@context\":\"https:\\\/\\\/schema.org\",\"@graph\":[{\"@type\":\"Article\",\"@id\":\"https:\\\/\\\/relaxmurau.at\\\/en\\\/az-osztrakok-joletet-veszelyezteti-a-turisztikai-munkaerohiany\\\/#article\",\"isPartOf\":{\"@id\":\"https:\\\/\\\/relaxmurau.at\\\/en\\\/az-osztrakok-joletet-veszelyezteti-a-turisztikai-munkaerohiany\\\/\"},\"author\":{\"name\":\"agi\",\"@id\":\"https:\\\/\\\/relaxmurau.at\\\/hu\\\/#\\\/schema\\\/person\\\/50d421b09820772f412ee5bd7e387edc\"},\"headline\":\"&#8222;Az osztr\u00e1kok j\u00f3l\u00e9t\u00e9t vesz\u00e9lyezteti a turisztikai munkaer\u0151hi\u00e1ny.&#8221;\",\"datePublished\":\"2024-02-06T11:59:52+00:00\",\"dateModified\":\"2024-02-07T15:28:41+00:00\",\"mainEntityOfPage\":{\"@id\":\"https:\\\/\\\/relaxmurau.at\\\/en\\\/az-osztrakok-joletet-veszelyezteti-a-turisztikai-munkaerohiany\\\/\"},\"wordCount\":1449,\"commentCount\":0,\"publisher\":{\"@id\":\"https:\\\/\\\/relaxmurau.at\\\/hu\\\/#organization\"},\"image\":{\"@id\":\"https:\\\/\\\/relaxmurau.at\\\/en\\\/az-osztrakok-joletet-veszelyezteti-a-turisztikai-munkaerohiany\\\/#primaryimage\"},\"thumbnailUrl\":\"https:\\\/\\\/relaxmurau.at\\\/wp-content\\\/uploads\\\/2024\\\/02\\\/f3570cdd-18e2-4811-a8e7-98873c79e9c8.jpg\",\"articleSection\":[\"Uncategorized\"],\"inLanguage\":\"de\",\"potentialAction\":[{\"@type\":\"CommentAction\",\"name\":\"Comment\",\"target\":[\"https:\\\/\\\/relaxmurau.at\\\/en\\\/az-osztrakok-joletet-veszelyezteti-a-turisztikai-munkaerohiany\\\/#respond\"]}]},{\"@type\":\"WebPage\",\"@id\":\"https:\\\/\\\/relaxmurau.at\\\/en\\\/az-osztrakok-joletet-veszelyezteti-a-turisztikai-munkaerohiany\\\/\",\"url\":\"https:\\\/\\\/relaxmurau.at\\\/en\\\/az-osztrakok-joletet-veszelyezteti-a-turisztikai-munkaerohiany\\\/\",\"name\":\"\\\"Az osztr\u00e1kok j\u00f3l\u00e9t\u00e9t vesz\u00e9lyezteti a turisztikai munkaer\u0151hi\u00e1ny.\\\" - Relax Resort Kreischberg\",\"isPartOf\":{\"@id\":\"https:\\\/\\\/relaxmurau.at\\\/hu\\\/#website\"},\"primaryImageOfPage\":{\"@id\":\"https:\\\/\\\/relaxmurau.at\\\/en\\\/az-osztrakok-joletet-veszelyezteti-a-turisztikai-munkaerohiany\\\/#primaryimage\"},\"image\":{\"@id\":\"https:\\\/\\\/relaxmurau.at\\\/en\\\/az-osztrakok-joletet-veszelyezteti-a-turisztikai-munkaerohiany\\\/#primaryimage\"},\"thumbnailUrl\":\"https:\\\/\\\/relaxmurau.at\\\/wp-content\\\/uploads\\\/2024\\\/02\\\/f3570cdd-18e2-4811-a8e7-98873c79e9c8.jpg\",\"datePublished\":\"2024-02-06T11:59:52+00:00\",\"dateModified\":\"2024-02-07T15:28:41+00:00\",\"breadcrumb\":{\"@id\":\"https:\\\/\\\/relaxmurau.at\\\/en\\\/az-osztrakok-joletet-veszelyezteti-a-turisztikai-munkaerohiany\\\/#breadcrumb\"},\"inLanguage\":\"de\",\"potentialAction\":[{\"@type\":\"ReadAction\",\"target\":[\"https:\\\/\\\/relaxmurau.at\\\/en\\\/az-osztrakok-joletet-veszelyezteti-a-turisztikai-munkaerohiany\\\/\"]}]},{\"@type\":\"ImageObject\",\"inLanguage\":\"de\",\"@id\":\"https:\\\/\\\/relaxmurau.at\\\/en\\\/az-osztrakok-joletet-veszelyezteti-a-turisztikai-munkaerohiany\\\/#primaryimage\",\"url\":\"https:\\\/\\\/relaxmurau.at\\\/wp-content\\\/uploads\\\/2024\\\/02\\\/f3570cdd-18e2-4811-a8e7-98873c79e9c8.jpg\",\"contentUrl\":\"https:\\\/\\\/relaxmurau.at\\\/wp-content\\\/uploads\\\/2024\\\/02\\\/f3570cdd-18e2-4811-a8e7-98873c79e9c8.jpg\",\"width\":1200,\"height\":786},{\"@type\":\"BreadcrumbList\",\"@id\":\"https:\\\/\\\/relaxmurau.at\\\/en\\\/az-osztrakok-joletet-veszelyezteti-a-turisztikai-munkaerohiany\\\/#breadcrumb\",\"itemListElement\":[{\"@type\":\"ListItem\",\"position\":1,\"name\":\"Kezd\u0151lap\",\"item\":\"https:\\\/\\\/relaxmurau.at\\\/\"},{\"@type\":\"ListItem\",\"position\":2,\"name\":\"&#8222;Az osztr\u00e1kok j\u00f3l\u00e9t\u00e9t vesz\u00e9lyezteti a turisztikai munkaer\u0151hi\u00e1ny.&#8221;\"}]},{\"@type\":\"WebSite\",\"@id\":\"https:\\\/\\\/relaxmurau.at\\\/hu\\\/#website\",\"url\":\"https:\\\/\\\/relaxmurau.at\\\/hu\\\/\",\"name\":\"Relax Resort Kreischberg\",\"description\":\"Relax Resort Kreischberg\",\"publisher\":{\"@id\":\"https:\\\/\\\/relaxmurau.at\\\/hu\\\/#organization\"},\"potentialAction\":[{\"@type\":\"SearchAction\",\"target\":{\"@type\":\"EntryPoint\",\"urlTemplate\":\"https:\\\/\\\/relaxmurau.at\\\/hu\\\/?s={search_term_string}\"},\"query-input\":{\"@type\":\"PropertyValueSpecification\",\"valueRequired\":true,\"valueName\":\"search_term_string\"}}],\"inLanguage\":\"de\"},{\"@type\":\"Organization\",\"@id\":\"https:\\\/\\\/relaxmurau.at\\\/hu\\\/#organization\",\"name\":\"Relax Resort Kreischberg\",\"url\":\"https:\\\/\\\/relaxmurau.at\\\/hu\\\/\",\"logo\":{\"@type\":\"ImageObject\",\"inLanguage\":\"de\",\"@id\":\"https:\\\/\\\/relaxmurau.at\\\/hu\\\/#\\\/schema\\\/logo\\\/image\\\/\",\"url\":\"https:\\\/\\\/relaxmurau.at\\\/wp-content\\\/uploads\\\/2023\\\/06\\\/relaxmurau-logo-gold.png\",\"contentUrl\":\"https:\\\/\\\/relaxmurau.at\\\/wp-content\\\/uploads\\\/2023\\\/06\\\/relaxmurau-logo-gold.png\",\"width\":298,\"height\":83,\"caption\":\"Relax Resort Kreischberg\"},\"image\":{\"@id\":\"https:\\\/\\\/relaxmurau.at\\\/hu\\\/#\\\/schema\\\/logo\\\/image\\\/\"}},{\"@type\":\"Person\",\"@id\":\"https:\\\/\\\/relaxmurau.at\\\/hu\\\/#\\\/schema\\\/person\\\/50d421b09820772f412ee5bd7e387edc\",\"name\":\"agi\",\"image\":{\"@type\":\"ImageObject\",\"inLanguage\":\"de\",\"@id\":\"https:\\\/\\\/secure.gravatar.com\\\/avatar\\\/30ce6ae1bc874ee4be7d554cf3b44231849bdf85426eaff0aff005bbe0647ce8?s=96&d=mm&r=g\",\"url\":\"https:\\\/\\\/secure.gravatar.com\\\/avatar\\\/30ce6ae1bc874ee4be7d554cf3b44231849bdf85426eaff0aff005bbe0647ce8?s=96&d=mm&r=g\",\"contentUrl\":\"https:\\\/\\\/secure.gravatar.com\\\/avatar\\\/30ce6ae1bc874ee4be7d554cf3b44231849bdf85426eaff0aff005bbe0647ce8?s=96&d=mm&r=g\",\"caption\":\"agi\"},\"url\":\"https:\\\/\\\/relaxmurau.at\\\/de\\\/author\\\/agi\\\/\"}]}<\/script>\n<!-- \/ Yoast SEO plugin. -->","yoast_head_json":{"title":"\"Az osztr\u00e1kok j\u00f3l\u00e9t\u00e9t vesz\u00e9lyezteti a turisztikai munkaer\u0151hi\u00e1ny.\" - Relax Resort Kreischberg","robots":{"index":"index","follow":"follow","max-snippet":"max-snippet:-1","max-image-preview":"max-image-preview:large","max-video-preview":"max-video-preview:-1"},"canonical":"https:\/\/relaxmurau.at\/de\/az-osztrakok-joletet-veszelyezteti-a-turisztikai-munkaerohiany\/","og_locale":"de_DE","og_type":"article","og_title":"\"Az osztr\u00e1kok j\u00f3l\u00e9t\u00e9t vesz\u00e9lyezteti a turisztikai munkaer\u0151hi\u00e1ny.\" - Relax Resort Kreischberg","og_description":"A turizmusnak t\u00f6bb id\u00e9nymunk\u00e1sra van sz\u00fcks\u00e9ge harmadik orsz\u00e1gokb\u00f3l. Susanne Kraus-Winkler \u00e1llamtitk\u00e1r &#8222;teljesen \u00faj megold\u00e1st&#8221; s\u00fcrget a munkaer\u0151piacon. A turisztikai \u00e1gazat megtanulta, hogyan kell kezelni a v\u00e1ls\u00e1gokat &#8211; \u00e1ll\u00edtja Susanne Kraus-Winkler (\u00d6VP) \u00e1llamtitk\u00e1r. Rem\u00e9li, hogy a bankok sz\u00fcks\u00e9g eset\u00e9n elhalasztj\u00e1k a t\u00f6rleszt\u00e9seket a v\u00e1llalkoz\u00e1soknak, de nem sz\u00e1m\u00edt fizet\u00e9sk\u00e9ptelens\u00e9gi hull\u00e1mra. Az uralkod\u00f3 munkaer\u0151hi\u00e1ny enyh\u00edt\u00e9s\u00e9re az \u00e1llamtitk\u00e1r a [&hellip;]","og_url":"https:\/\/relaxmurau.at\/de\/az-osztrakok-joletet-veszelyezteti-a-turisztikai-munkaerohiany\/","og_site_name":"Relax Resort Kreischberg","article_published_time":"2024-02-06T11:59:52+00:00","article_modified_time":"2024-02-07T15:28:41+00:00","og_image":[{"width":1200,"height":786,"url":"https:\/\/relaxmurau.at\/wp-content\/uploads\/2024\/02\/f3570cdd-18e2-4811-a8e7-98873c79e9c8.jpg","type":"image\/jpeg"}],"author":"agi","twitter_card":"summary_large_image","twitter_misc":{"Verfasst von":"agi","Gesch\u00e4tzte Lesezeit":"6\u00a0Minuten"},"schema":{"@context":"https:\/\/schema.org","@graph":[{"@type":"Article","@id":"https:\/\/relaxmurau.at\/en\/az-osztrakok-joletet-veszelyezteti-a-turisztikai-munkaerohiany\/#article","isPartOf":{"@id":"https:\/\/relaxmurau.at\/en\/az-osztrakok-joletet-veszelyezteti-a-turisztikai-munkaerohiany\/"},"author":{"name":"agi","@id":"https:\/\/relaxmurau.at\/hu\/#\/schema\/person\/50d421b09820772f412ee5bd7e387edc"},"headline":"&#8222;Az osztr\u00e1kok j\u00f3l\u00e9t\u00e9t vesz\u00e9lyezteti a turisztikai munkaer\u0151hi\u00e1ny.&#8221;","datePublished":"2024-02-06T11:59:52+00:00","dateModified":"2024-02-07T15:28:41+00:00","mainEntityOfPage":{"@id":"https:\/\/relaxmurau.at\/en\/az-osztrakok-joletet-veszelyezteti-a-turisztikai-munkaerohiany\/"},"wordCount":1449,"commentCount":0,"publisher":{"@id":"https:\/\/relaxmurau.at\/hu\/#organization"},"image":{"@id":"https:\/\/relaxmurau.at\/en\/az-osztrakok-joletet-veszelyezteti-a-turisztikai-munkaerohiany\/#primaryimage"},"thumbnailUrl":"https:\/\/relaxmurau.at\/wp-content\/uploads\/2024\/02\/f3570cdd-18e2-4811-a8e7-98873c79e9c8.jpg","articleSection":["Uncategorized"],"inLanguage":"de","potentialAction":[{"@type":"CommentAction","name":"Comment","target":["https:\/\/relaxmurau.at\/en\/az-osztrakok-joletet-veszelyezteti-a-turisztikai-munkaerohiany\/#respond"]}]},{"@type":"WebPage","@id":"https:\/\/relaxmurau.at\/en\/az-osztrakok-joletet-veszelyezteti-a-turisztikai-munkaerohiany\/","url":"https:\/\/relaxmurau.at\/en\/az-osztrakok-joletet-veszelyezteti-a-turisztikai-munkaerohiany\/","name":"\"Az osztr\u00e1kok j\u00f3l\u00e9t\u00e9t vesz\u00e9lyezteti a turisztikai munkaer\u0151hi\u00e1ny.\" - Relax Resort Kreischberg","isPartOf":{"@id":"https:\/\/relaxmurau.at\/hu\/#website"},"primaryImageOfPage":{"@id":"https:\/\/relaxmurau.at\/en\/az-osztrakok-joletet-veszelyezteti-a-turisztikai-munkaerohiany\/#primaryimage"},"image":{"@id":"https:\/\/relaxmurau.at\/en\/az-osztrakok-joletet-veszelyezteti-a-turisztikai-munkaerohiany\/#primaryimage"},"thumbnailUrl":"https:\/\/relaxmurau.at\/wp-content\/uploads\/2024\/02\/f3570cdd-18e2-4811-a8e7-98873c79e9c8.jpg","datePublished":"2024-02-06T11:59:52+00:00","dateModified":"2024-02-07T15:28:41+00:00","breadcrumb":{"@id":"https:\/\/relaxmurau.at\/en\/az-osztrakok-joletet-veszelyezteti-a-turisztikai-munkaerohiany\/#breadcrumb"},"inLanguage":"de","potentialAction":[{"@type":"ReadAction","target":["https:\/\/relaxmurau.at\/en\/az-osztrakok-joletet-veszelyezteti-a-turisztikai-munkaerohiany\/"]}]},{"@type":"ImageObject","inLanguage":"de","@id":"https:\/\/relaxmurau.at\/en\/az-osztrakok-joletet-veszelyezteti-a-turisztikai-munkaerohiany\/#primaryimage","url":"https:\/\/relaxmurau.at\/wp-content\/uploads\/2024\/02\/f3570cdd-18e2-4811-a8e7-98873c79e9c8.jpg","contentUrl":"https:\/\/relaxmurau.at\/wp-content\/uploads\/2024\/02\/f3570cdd-18e2-4811-a8e7-98873c79e9c8.jpg","width":1200,"height":786},{"@type":"BreadcrumbList","@id":"https:\/\/relaxmurau.at\/en\/az-osztrakok-joletet-veszelyezteti-a-turisztikai-munkaerohiany\/#breadcrumb","itemListElement":[{"@type":"ListItem","position":1,"name":"Kezd\u0151lap","item":"https:\/\/relaxmurau.at\/"},{"@type":"ListItem","position":2,"name":"&#8222;Az osztr\u00e1kok j\u00f3l\u00e9t\u00e9t vesz\u00e9lyezteti a turisztikai munkaer\u0151hi\u00e1ny.&#8221;"}]},{"@type":"WebSite","@id":"https:\/\/relaxmurau.at\/hu\/#website","url":"https:\/\/relaxmurau.at\/hu\/","name":"Relax Resort Kreischberg","description":"Relax Resort Kreischberg","publisher":{"@id":"https:\/\/relaxmurau.at\/hu\/#organization"},"potentialAction":[{"@type":"SearchAction","target":{"@type":"EntryPoint","urlTemplate":"https:\/\/relaxmurau.at\/hu\/?s={search_term_string}"},"query-input":{"@type":"PropertyValueSpecification","valueRequired":true,"valueName":"search_term_string"}}],"inLanguage":"de"},{"@type":"Organization","@id":"https:\/\/relaxmurau.at\/hu\/#organization","name":"Relax Resort Kreischberg","url":"https:\/\/relaxmurau.at\/hu\/","logo":{"@type":"ImageObject","inLanguage":"de","@id":"https:\/\/relaxmurau.at\/hu\/#\/schema\/logo\/image\/","url":"https:\/\/relaxmurau.at\/wp-content\/uploads\/2023\/06\/relaxmurau-logo-gold.png","contentUrl":"https:\/\/relaxmurau.at\/wp-content\/uploads\/2023\/06\/relaxmurau-logo-gold.png","width":298,"height":83,"caption":"Relax Resort Kreischberg"},"image":{"@id":"https:\/\/relaxmurau.at\/hu\/#\/schema\/logo\/image\/"}},{"@type":"Person","@id":"https:\/\/relaxmurau.at\/hu\/#\/schema\/person\/50d421b09820772f412ee5bd7e387edc","name":"agi","image":{"@type":"ImageObject","inLanguage":"de","@id":"https:\/\/secure.gravatar.com\/avatar\/30ce6ae1bc874ee4be7d554cf3b44231849bdf85426eaff0aff005bbe0647ce8?s=96&d=mm&r=g","url":"https:\/\/secure.gravatar.com\/avatar\/30ce6ae1bc874ee4be7d554cf3b44231849bdf85426eaff0aff005bbe0647ce8?s=96&d=mm&r=g","contentUrl":"https:\/\/secure.gravatar.com\/avatar\/30ce6ae1bc874ee4be7d554cf3b44231849bdf85426eaff0aff005bbe0647ce8?s=96&d=mm&r=g","caption":"agi"},"url":"https:\/\/relaxmurau.at\/de\/author\/agi\/"}]}},"_links":{"self":[{"href":"https:\/\/relaxmurau.at\/de\/wp-json\/wp\/v2\/posts\/2789","targetHints":{"allow":["GET"]}}],"collection":[{"href":"https:\/\/relaxmurau.at\/de\/wp-json\/wp\/v2\/posts"}],"about":[{"href":"https:\/\/relaxmurau.at\/de\/wp-json\/wp\/v2\/types\/post"}],"author":[{"embeddable":true,"href":"https:\/\/relaxmurau.at\/de\/wp-json\/wp\/v2\/users\/4"}],"replies":[{"embeddable":true,"href":"https:\/\/relaxmurau.at\/de\/wp-json\/wp\/v2\/comments?post=2789"}],"version-history":[{"count":5,"href":"https:\/\/relaxmurau.at\/de\/wp-json\/wp\/v2\/posts\/2789\/revisions"}],"predecessor-version":[{"id":2796,"href":"https:\/\/relaxmurau.at\/de\/wp-json\/wp\/v2\/posts\/2789\/revisions\/2796"}],"wp:featuredmedia":[{"embeddable":true,"href":"https:\/\/relaxmurau.at\/de\/wp-json\/wp\/v2\/media\/2822"}],"wp:attachment":[{"href":"https:\/\/relaxmurau.at\/de\/wp-json\/wp\/v2\/media?parent=2789"}],"wp:term":[{"taxonomy":"category","embeddable":true,"href":"https:\/\/relaxmurau.at\/de\/wp-json\/wp\/v2\/categories?post=2789"},{"taxonomy":"post_tag","embeddable":true,"href":"https:\/\/relaxmurau.at\/de\/wp-json\/wp\/v2\/tags?post=2789"}],"curies":[{"name":"wp","href":"https:\/\/api.w.org\/{rel}","templated":true}]}}